{"id":368,"date":"2020-06-24T05:57:33","date_gmt":"2020-06-24T05:57:33","guid":{"rendered":"https:\/\/development.towd.net\/mw\/?p=368"},"modified":"2020-09-22T16:20:38","modified_gmt":"2020-09-22T16:20:38","slug":"368","status":"publish","type":"post","link":"https:\/\/www.mediatewisconsin.org\/es\/2020\/06\/24\/368\/","title":{"rendered":"A medida que aumentan los desalojos, as\u00ed es como las organizaciones de Milwaukee est\u00e1n haciendo lo que pueden para ayudar"},"content":{"rendered":"<p><!--more--><\/p>\n<p>Como <a href=\"https:\/\/www.bls.gov\/eag\/eag.wi.htm\" target=\"_blank\" rel=\"noopener noreferrer\">Desempleo de Wisconsin<\/a> las tarifas contin\u00faan aumentando, m\u00e1s del 40% de los inquilinos de Milwaukee se enfrentan al desalojo. Despu\u00e9s del 27 de mayo <a href=\"https:\/\/www.jsonline.com\/story\/news\/investigations\/reports\/2020\/06\/15\/evictions-milwaukee-and-wisconsin-jump-over-40\/3177897001\/\" target=\"_blank\" rel=\"noopener noreferrer\">vencimiento<\/a> de la prohibici\u00f3n de dos meses del gobernador Tony Evers sobre los desalojos, las solicitudes de desalojo aumentaron. La ya precaria situaci\u00f3n de la vivienda en Milwaukee se ve agravada debido a las consecuencias econ\u00f3micas de la pandemia del coronavirus. Sin embargo, hay varias organizaciones de Milwaukee que est\u00e1n trabajando con inquilinos y propietarios para ayudar a ambas partes a sobrevivir a esta crisis de vivienda.<\/p>\n<p>Reportero de problemas y compromiso de Milwaukee Journal Sentinel, <a href=\"https:\/\/www.jsonline.com\/staff\/2646151001\/talis-shelbourne\/\" target=\"_blank\" rel=\"noopener noreferrer\">Talis Shelbourne<\/a>, habl\u00f3 con la abogada Joanne Lipo Zovic sobre c\u00f3mo Mediate Wisconsin ha intervenido para brindar servicios de mediaci\u00f3n entre inquilinos y propietarios.<\/p>\n<p>&quot;Hacemos una mediaci\u00f3n relacionada con los tribunales y (estamos) realmente comprometidos a hacer que los inquilinos y propietarios piensen cuando se encuentra con un problema - una interrupci\u00f3n en su trabajo, alguna dificultad financiera de alg\u00fan tipo, lo que sea - comience a comprometerse con el proceso de mediaci\u00f3n m\u00e1s temprano que tarde &quot;.<\/p>\n<p>Para obtener m\u00e1s informaci\u00f3n sobre los servicios de Mediate Wisconsin y los otros servicios de vivienda del \u00e1rea de Milwaukee, visite <a href=\"https:\/\/www.jsonline.com\/story\/news\/local\/milwaukee\/2020\/06\/24\/evictions-spike-during-coronavirus-milwaukee-groups-helping\/3216743001\/\" target=\"_blank\" rel=\"noopener noreferrer\">Centinela del diario de Milwaukee<\/a> para leer la historia completa.<\/p>","protected":false},"excerpt":{"rendered":"","protected":false},"author":3,"featured_media":0,"comment_status":"closed","ping_status":"open","sticky":false,"template":"","format":"standard","meta":{"_acf_changed":false,"footnotes":""},"categories":[4],"tags":[5,14,15],"class_list":["post-368","post","type-post","status-publish","format-standard","hentry","category-news","tag-eviction","tag-landlord","tag-tenant"],"acf":[],"_links":{"self":[{"href":"https:\/\/www.mediatewisconsin.org\/es\/wp-json\/wp\/v2\/posts\/368","targetHints":{"allow":["GET"]}}],"collection":[{"href":"https:\/\/www.mediatewisconsin.org\/es\/wp-json\/wp\/v2\/posts"}],"about":[{"href":"https:\/\/www.mediatewisconsin.org\/es\/wp-json\/wp\/v2\/types\/post"}],"author":[{"embeddable":true,"href":"https:\/\/www.mediatewisconsin.org\/es\/wp-json\/wp\/v2\/users\/3"}],"replies":[{"embeddable":true,"href":"https:\/\/www.mediatewisconsin.org\/es\/wp-json\/wp\/v2\/comments?post=368"}],"version-history":[{"count":4,"href":"https:\/\/www.mediatewisconsin.org\/es\/wp-json\/wp\/v2\/posts\/368\/revisions"}],"predecessor-version":[{"id":375,"href":"https:\/\/www.mediatewisconsin.org\/es\/wp-json\/wp\/v2\/posts\/368\/revisions\/375"}],"wp:attachment":[{"href":"https:\/\/www.mediatewisconsin.org\/es\/wp-json\/wp\/v2\/media?parent=368"}],"wp:term":[{"taxonomy":"category","embeddable":true,"href":"https:\/\/www.mediatewisconsin.org\/es\/wp-json\/wp\/v2\/categories?post=368"},{"taxonomy":"post_tag","embeddable":true,"href":"https:\/\/www.mediatewisconsin.org\/es\/wp-json\/wp\/v2\/tags?post=368"}],"curies":[{"name":"gracias","href":"https:\/\/api.w.org\/{rel}","templated":true}]}}